{"id":1,"date":"2021-12-23T19:20:40","date_gmt":"2021-12-23T18:20:40","guid":{"rendered":"http:\/\/auxarbrescitadins.com\/?p=1"},"modified":"2022-10-23T12:40:47","modified_gmt":"2022-10-23T10:40:47","slug":"bonjour-tout-le-monde","status":"publish","type":"post","link":"https:\/\/auxarbrescitadins.com\/index.php\/2021\/12\/23\/bonjour-tout-le-monde\/","title":{"rendered":"L&rsquo;arbre \u00e0 Meylan"},"content":{"rendered":"\n<p>Reunion \u00ab\u00a0L&rsquo;arbre \u00e0 Meylan\u00a0\u00bb organis\u00e9e par l&rsquo;UQBGP, la mairie de Meylan et l&rsquo;association \u00ab\u00a0Aux arbres citadins\u00a0\u00bb le 3 F\u00e9vrier 2022<\/p>\n\n\n\n<p>Connaissance des arbres et des arbustes sur les quartiers.<\/p>\n\n\n\n<div class=\"wp-block-media-text alignwide has-media-on-the-right is-stacked-on-mobile\"><figure class=\"wp-block-media-text__media\"><img loading=\"lazy\" decoding=\"async\" width=\"679\" height=\"522\" src=\"https:\/\/auxarbrescitadins.com\/wp-content\/uploads\/2022\/05\/conf1.png\" alt=\"\" class=\"wp-image-279 size-full\" srcset=\"https:\/\/auxarbrescitadins.com\/wp-content\/uploads\/2022\/05\/conf1.png 679w, https:\/\/auxarbrescitadins.com\/wp-content\/uploads\/2022\/05\/conf1-300x231.png 300w, https:\/\/auxarbrescitadins.com\/wp-content\/uploads\/2022\/05\/conf1-151x116.png 151w\" sizes=\"auto, (max-width: 679px) 100vw, 679px\" \/><\/figure><div class=\"wp-block-media-text__content\">\n<p>Reunion \u00ab\u00a0L&rsquo;arbre \u00e0 Meylan\u00a0\u00bb organis\u00e9e par l&rsquo;UQBGP, la mairie de Meylan et l&rsquo;association \u00ab\u00a0Aux arbres citadins\u00a0\u00bb le 3 F\u00e9vrier 2022<\/p>\n\n\n\n<p><a href=\"https:\/\/auxarbrescitadins.com\/index.php\/nos-activites\/larbre-a-meylan-3-2-2022\/\">Renforcement des connaissances du patrimoine v\u00e9g\u00e9tal Meylanais:<\/a><\/p>\n\n\n\n<p>Formation pr\u00e9sent\u00e9 par Fran\u00e7ois B\u00e9raud<\/p>\n\n\n\n<hr class=\"wp-block-separator\"\/>\n<\/div><\/div>\n","protected":false},"excerpt":{"rendered":"<p>Reunion \u00ab\u00a0L&rsquo;arbre \u00e0 Meylan\u00a0\u00bb organis\u00e9e par l&rsquo;UQBGP, la mairie de Meylan et l&rsquo;association \u00ab\u00a0Aux arbres citadins\u00a0\u00bb le 3 F\u00e9vrier 2022 &hellip; <a href=\"https:\/\/auxarbrescitadins.com\/index.php\/2021\/12\/23\/bonjour-tout-le-monde\/\" class=\"more-link\">Continue reading <span class=\"screen-reader-text\">L&rsquo;arbre \u00e0 Meylan<\/span><\/a><\/p>\n","protected":false},"author":1,"featured_media":278,"comment_status":"closed","ping_status":"closed","sticky":false,"template":"page-templates\/full-width.php","format":"standard","meta":{"footnotes":""},"categories":[4,3],"tags":[],"class_list":["post-1","post","type-post","status-publish","format-standard","has-post-thumbnail","hentry","category-actualite-locale-meylan","category-evenement"],"jetpack_featured_media_url":"https:\/\/auxarbrescitadins.com\/wp-content\/uploads\/2022\/05\/Affichette-arbres-a-Meylan-1.png","_links":{"self":[{"href":"https:\/\/auxarbrescitadins.com\/index.php\/wp-json\/wp\/v2\/posts\/1","targetHints":{"allow":["GET"]}}],"collection":[{"href":"https:\/\/auxarbrescitadins.com\/index.php\/wp-json\/wp\/v2\/posts"}],"about":[{"href":"https:\/\/auxarbrescitadins.com\/index.php\/wp-json\/wp\/v2\/types\/post"}],"author":[{"embeddable":true,"href":"https:\/\/auxarbrescitadins.com\/index.php\/wp-json\/wp\/v2\/users\/1"}],"replies":[{"embeddable":true,"href":"https:\/\/auxarbrescitadins.com\/index.php\/wp-json\/wp\/v2\/comments?post=1"}],"version-history":[{"count":4,"href":"https:\/\/auxarbrescitadins.com\/index.php\/wp-json\/wp\/v2\/posts\/1\/revisions"}],"predecessor-version":[{"id":561,"href":"https:\/\/auxarbrescitadins.com\/index.php\/wp-json\/wp\/v2\/posts\/1\/revisions\/561"}],"wp:featuredmedia":[{"embeddable":true,"href":"https:\/\/auxarbrescitadins.com\/index.php\/wp-json\/wp\/v2\/media\/278"}],"wp:attachment":[{"href":"https:\/\/auxarbrescitadins.com\/index.php\/wp-json\/wp\/v2\/media?parent=1"}],"wp:term":[{"taxonomy":"category","embeddable":true,"href":"https:\/\/auxarbrescitadins.com\/index.php\/wp-json\/wp\/v2\/categories?post=1"},{"taxonomy":"post_tag","embeddable":true,"href":"https:\/\/auxarbrescitadins.com\/index.php\/wp-json\/wp\/v2\/tags?post=1"}],"curies":[{"name":"wp","href":"https:\/\/api.w.org\/{rel}","templated":true}]}}