{"id":1047,"date":"2024-12-03T17:56:42","date_gmt":"2024-12-03T16:56:42","guid":{"rendered":"https:\/\/auxarbrescitadins.com\/?p=1047"},"modified":"2024-12-03T17:56:42","modified_gmt":"2024-12-03T16:56:42","slug":"on-peut-acheter-une-part-a-100-euros","status":"publish","type":"post","link":"https:\/\/auxarbrescitadins.com\/index.php\/2024\/12\/03\/on-peut-acheter-une-part-a-100-euros\/","title":{"rendered":"On peut acheter une part \u00e0 100 euros"},"content":{"rendered":"\n<p><a href=\"https:\/\/france3-regions.francetvinfo.fr\/auvergne-rhone-alpes\/isere\/on-peut-acheter-une-part-a-100-euros-quand-des-citoyens-se-regroupent-pour-acheter-des-forets-3045432.html\" target=\"_blank\" rel=\"noreferrer noopener\">Article \u00e9crit par<\/a>\u00a0<a href=\"https:\/\/france3-regions.francetvinfo.fr\/redaction\/marie-charlotte-perrier\">Marie-Charlotte Perrier<\/a>\u00a0et\u00a0<a href=\"https:\/\/france3-regions.francetvinfo.fr\/redaction\/aurelie-massait\">Aur\u00e9lie Massait<\/a> <a href=\"https:\/\/france3-regions.francetvinfo.fr\/auvergne-rhone-alpes\/isere\/on-peut-acheter-une-part-a-100-euros-quand-des-citoyens-se-regroupent-pour-acheter-des-forets-3045432.html\">Publi\u00e9 dans Franceinfo le\u00a016\/10\/2024 \u00e0 06h15<\/a><\/p>\n\n\n\n<p><strong>\u00ab\u00a0On peut acheter une part \u00e0 100 euros\u00a0\u00bb : quand des citoyens se regroupent pour acheter des for\u00eats<\/strong><\/p>\n\n\n\n<p><strong>En France, de plus en plus de citoyens d\u00e9cident de se regrouper pour acheter collectivement des parcelles de for\u00eats, et sortir des logiques marchandes. Les membres de groupements forestiers citoyens et \u00e9cologiques (GFCE) ont organis\u00e9 leur rencontre annuelle dans le Vercors, pour s\u2019inspirer de ce qui se fait dans les Alpes.<\/strong><\/p>\n\n\n\n<p>Autrefois, les for\u00eats \u00e9taient forc\u00e9ment domaniales, publiques ou priv\u00e9es. Mais depuis quelques ann\u00e9es, elles deviennent aussi la propri\u00e9t\u00e9 de groupements de citoyens.<\/p>\n\n\n\n<p>Mi-octobre, les membres de plusieurs soci\u00e9t\u00e9s civiles foresti\u00e8res se sont retrouv\u00e9s dans le Vercors pour partager leurs exp\u00e9riences lors de leur rencontre annuelle. Tous ont acquis des parcelles bois\u00e9es avec d\u2019autres particuliers dans diff\u00e9rentes r\u00e9gions de France.<\/p>\n\n\n\n<p><a href=\"https:\/\/france3-regions.francetvinfo.fr\/auvergne-rhone-alpes\/isere\/on-peut-acheter-une-part-a-100-euros-quand-des-citoyens-se-regroupent-pour-acheter-des-forets-3045432.html\" target=\"_blank\" rel=\"noreferrer noopener\">Suite de l&rsquo;article &#8230;<\/a><\/p>\n","protected":false},"excerpt":{"rendered":"<p>Article \u00e9crit par\u00a0Marie-Charlotte Perrier\u00a0et\u00a0Aur\u00e9lie Massait Publi\u00e9 dans Franceinfo le\u00a016\/10\/2024 \u00e0 06h15 \u00ab\u00a0On peut acheter une part \u00e0 100 euros\u00a0\u00bb : &hellip; <a href=\"https:\/\/auxarbrescitadins.com\/index.php\/2024\/12\/03\/on-peut-acheter-une-part-a-100-euros\/\" class=\"more-link\">Continue reading <span class=\"screen-reader-text\">On peut acheter une part \u00e0 100 euros<\/span><\/a><\/p>\n","protected":false},"author":1,"featured_media":1048,"comment_status":"closed","ping_status":"open","sticky":false,"template":"","format":"standard","meta":{"footnotes":""},"categories":[6],"tags":[],"class_list":["post-1047","post","type-post","status-publish","format-standard","has-post-thumbnail","hentry","category-actualite-nationale"],"jetpack_featured_media_url":"https:\/\/auxarbrescitadins.com\/wp-content\/uploads\/2024\/12\/part-a-100.png","_links":{"self":[{"href":"https:\/\/auxarbrescitadins.com\/index.php\/wp-json\/wp\/v2\/posts\/1047","targetHints":{"allow":["GET"]}}],"collection":[{"href":"https:\/\/auxarbrescitadins.com\/index.php\/wp-json\/wp\/v2\/posts"}],"about":[{"href":"https:\/\/auxarbrescitadins.com\/index.php\/wp-json\/wp\/v2\/types\/post"}],"author":[{"embeddable":true,"href":"https:\/\/auxarbrescitadins.com\/index.php\/wp-json\/wp\/v2\/users\/1"}],"replies":[{"embeddable":true,"href":"https:\/\/auxarbrescitadins.com\/index.php\/wp-json\/wp\/v2\/comments?post=1047"}],"version-history":[{"count":1,"href":"https:\/\/auxarbrescitadins.com\/index.php\/wp-json\/wp\/v2\/posts\/1047\/revisions"}],"predecessor-version":[{"id":1049,"href":"https:\/\/auxarbrescitadins.com\/index.php\/wp-json\/wp\/v2\/posts\/1047\/revisions\/1049"}],"wp:featuredmedia":[{"embeddable":true,"href":"https:\/\/auxarbrescitadins.com\/index.php\/wp-json\/wp\/v2\/media\/1048"}],"wp:attachment":[{"href":"https:\/\/auxarbrescitadins.com\/index.php\/wp-json\/wp\/v2\/media?parent=1047"}],"wp:term":[{"taxonomy":"category","embeddable":true,"href":"https:\/\/auxarbrescitadins.com\/index.php\/wp-json\/wp\/v2\/categories?post=1047"},{"taxonomy":"post_tag","embeddable":true,"href":"https:\/\/auxarbrescitadins.com\/index.php\/wp-json\/wp\/v2\/tags?post=1047"}],"curies":[{"name":"wp","href":"https:\/\/api.w.org\/{rel}","templated":true}]}}