{"id":399,"date":"2022-06-17T11:41:35","date_gmt":"2022-06-17T09:41:35","guid":{"rendered":"https:\/\/auxarbrescitadins.com\/?p=399"},"modified":"2022-07-02T15:47:55","modified_gmt":"2022-07-02T13:47:55","slug":"ilots-de-chaleur-grenoble-est-tres-mal-placee","status":"publish","type":"post","link":"https:\/\/auxarbrescitadins.com\/index.php\/2022\/06\/17\/ilots-de-chaleur-grenoble-est-tres-mal-placee\/","title":{"rendered":"\u00celots de chaleur : Grenoble est (tr\u00e8s) mal plac\u00e9e"},"content":{"rendered":"\n<div class=\"wp-block-columns alignwide is-layout-flex wp-container-core-columns-is-layout-9d6595d7 wp-block-columns-is-layout-flex\">\n<div class=\"wp-block-column is-layout-flow wp-block-column-is-layout-flow\"><\/div>\n\n\n\n<div class=\"wp-block-column is-layout-flow wp-block-column-is-layout-flow\"><\/div>\n<\/div>\n\n\n\n<h3 class=\"wp-block-heading\">La carte est rouge. Quasiment toute rouge.<\/h3>\n\n\n\n<p>Des chercheurs du CNRS et de M\u00e9t\u00e9o France ont \u00e9tudi\u00e9 \u00e0 la loupe les \u00eelots de chaleur de 42 zones urbaines fran\u00e7aises. <strong>Hors Paris, Grenoble est la ville de France o\u00f9 cette exposition est la plus \u00e9lev\u00e9e<\/strong>. La p\u00e9riph\u00e9rie proche n\u2019y \u00e9chappe pas vraiment \u00e9galement.<\/p>\n\n\n\n<p><a rel=\"noreferrer noopener\" href=\"https:\/\/c.ledauphine.com\/environnement\/2022\/06\/17\/isere-ilots-de-chaleur-grenoble-est-(tres)-mal-placee\" target=\"_blank\">Article du Dauphin\u00e9 Lib\u00e9r\u00e9 du 17\/\/06\/2022 \u00e9crit par <strong>Jean-Beno\u00eet VIGNY<\/strong><\/a><\/p>\n\n\n\n<hr class=\"wp-block-separator\"\/>\n","protected":false},"excerpt":{"rendered":"<p>Des chercheurs du CNRS et de M\u00e9t\u00e9o France ont \u00e9tudi\u00e9 \u00e0 la loupe les \u00eelots de chaleur de 42 zones urbaines fran\u00e7aises. Hors Paris, Grenoble est la ville de France o\u00f9 cette exposition est la plus \u00e9lev\u00e9e. La p\u00e9riph\u00e9rie proche n\u2019y \u00e9chappe pas vraiment \u00e9galem<\/p>\n","protected":false},"author":1,"featured_media":400,"comment_status":"closed","ping_status":"open","sticky":false,"template":"","format":"standard","meta":{"footnotes":""},"categories":[5],"tags":[11],"class_list":["post-399","post","type-post","status-publish","format-standard","has-post-thumbnail","hentry","category-actualite-agglomeration-grenobloise","tag-icu"],"jetpack_featured_media_url":"https:\/\/auxarbrescitadins.com\/wp-content\/uploads\/2022\/06\/Grenoble-mal-placee.png","_links":{"self":[{"href":"https:\/\/auxarbrescitadins.com\/index.php\/wp-json\/wp\/v2\/posts\/399","targetHints":{"allow":["GET"]}}],"collection":[{"href":"https:\/\/auxarbrescitadins.com\/index.php\/wp-json\/wp\/v2\/posts"}],"about":[{"href":"https:\/\/auxarbrescitadins.com\/index.php\/wp-json\/wp\/v2\/types\/post"}],"author":[{"embeddable":true,"href":"https:\/\/auxarbrescitadins.com\/index.php\/wp-json\/wp\/v2\/users\/1"}],"replies":[{"embeddable":true,"href":"https:\/\/auxarbrescitadins.com\/index.php\/wp-json\/wp\/v2\/comments?post=399"}],"version-history":[{"count":7,"href":"https:\/\/auxarbrescitadins.com\/index.php\/wp-json\/wp\/v2\/posts\/399\/revisions"}],"predecessor-version":[{"id":436,"href":"https:\/\/auxarbrescitadins.com\/index.php\/wp-json\/wp\/v2\/posts\/399\/revisions\/436"}],"wp:featuredmedia":[{"embeddable":true,"href":"https:\/\/auxarbrescitadins.com\/index.php\/wp-json\/wp\/v2\/media\/400"}],"wp:attachment":[{"href":"https:\/\/auxarbrescitadins.com\/index.php\/wp-json\/wp\/v2\/media?parent=399"}],"wp:term":[{"taxonomy":"category","embeddable":true,"href":"https:\/\/auxarbrescitadins.com\/index.php\/wp-json\/wp\/v2\/categories?post=399"},{"taxonomy":"post_tag","embeddable":true,"href":"https:\/\/auxarbrescitadins.com\/index.php\/wp-json\/wp\/v2\/tags?post=399"}],"curies":[{"name":"wp","href":"https:\/\/api.w.org\/{rel}","templated":true}]}}